{"id":295,"date":"2017-05-01T00:25:14","date_gmt":"2017-05-01T00:25:14","guid":{"rendered":"http:\/\/santosmoreno.es\/?p=295"},"modified":"2018-04-23T13:11:25","modified_gmt":"2018-04-23T13:11:25","slug":"entrega-de-premios-sony-world-photography-awards-2017-en-londres","status":"publish","type":"post","link":"https:\/\/santosmoreno.es\/index.php\/2017\/05\/01\/entrega-de-premios-sony-world-photography-awards-2017-en-londres\/","title":{"rendered":"Entrega de premios Sony World Photography Awards 2017 en Londres"},"content":{"rendered":"<p>El pasado jueves d\u00eda<strong> 20 de abril<\/strong>, viaje a Londres como invitado a la ceremonia de entrega de premios\u00a0<strong>Sony World Photography Awards 2017<\/strong>. El acto se celebr\u00f3 en el <strong>Hotel Hilton<\/strong>, donde a las 17 horas se hicieron entrega de los premios nacionales de todos los pa\u00edses que han participado en la presente edici\u00f3n.<\/p>\n<p>Uno a uno fueron nombrando a cada fot\u00f3grafo, al tiempo que se proyectaba su fotograf\u00eda premiada en una pantalla de grandes dimensiones. Los premios fueron entregados por <strong>Scott Gray<\/strong> (CEO Word Photography Organisation) y<strong> Yasuyuki Nagata<\/strong> (Senior General Manager Digital Group, Sony Corporation).<\/p>\n<p><a href=\"http:\/\/santosmoreno.es\/wp-content\/uploads\/2017\/04\/MG_4955.jpg\"><img loading=\"lazy\" class=\"alignnone size-full wp-image-297\" src=\"http:\/\/santosmoreno.es\/wp-content\/uploads\/2017\/04\/MG_4955.jpg\" alt=\"\" width=\"1024\" height=\"683\" srcset=\"https:\/\/santosmoreno.es\/wp-content\/uploads\/2017\/04\/MG_4955.jpg 1024w, https:\/\/santosmoreno.es\/wp-content\/uploads\/2017\/04\/MG_4955-300x200.jpg 300w, https:\/\/santosmoreno.es\/wp-content\/uploads\/2017\/04\/MG_4955-768x512.jpg 768w\" sizes=\"(max-width: 1024px) 100vw, 1024px\" \/><\/a><\/p>\n<p>Una vez finalizado \u00e9ste primer acto, nos hicimos fotos todos los ganadores de Iberoam\u00e9rica, miembros de Sony Europa y Sony Espa\u00f1a. La organizaci\u00f3n nos regal\u00f3 tambi\u00e9n una reproducci\u00f3n de nuestras obras premiadas.<\/p>\n<p><a href=\"http:\/\/santosmoreno.es\/wp-content\/uploads\/2017\/04\/MG_4961.jpg\"><img loading=\"lazy\" class=\"alignnone size-full wp-image-298\" src=\"http:\/\/santosmoreno.es\/wp-content\/uploads\/2017\/04\/MG_4961.jpg\" alt=\"\" width=\"1024\" height=\"683\" srcset=\"https:\/\/santosmoreno.es\/wp-content\/uploads\/2017\/04\/MG_4961.jpg 1024w, https:\/\/santosmoreno.es\/wp-content\/uploads\/2017\/04\/MG_4961-300x200.jpg 300w, https:\/\/santosmoreno.es\/wp-content\/uploads\/2017\/04\/MG_4961-768x512.jpg 768w\" sizes=\"(max-width: 1024px) 100vw, 1024px\" \/><\/a><\/p>\n<p><a href=\"http:\/\/santosmoreno.es\/wp-content\/uploads\/2017\/04\/MG_4967.jpg\"><img loading=\"lazy\" class=\"alignnone size-full wp-image-299\" src=\"http:\/\/santosmoreno.es\/wp-content\/uploads\/2017\/04\/MG_4967.jpg\" alt=\"\" width=\"1024\" height=\"933\" srcset=\"https:\/\/santosmoreno.es\/wp-content\/uploads\/2017\/04\/MG_4967.jpg 1024w, https:\/\/santosmoreno.es\/wp-content\/uploads\/2017\/04\/MG_4967-300x273.jpg 300w, https:\/\/santosmoreno.es\/wp-content\/uploads\/2017\/04\/MG_4967-768x700.jpg 768w\" sizes=\"(max-width: 1024px) 100vw, 1024px\" \/><\/a><\/p>\n<p><a href=\"http:\/\/santosmoreno.es\/wp-content\/uploads\/2017\/04\/MG_5000.jpg\"><img loading=\"lazy\" class=\"alignnone size-full wp-image-300\" src=\"http:\/\/santosmoreno.es\/wp-content\/uploads\/2017\/04\/MG_5000.jpg\" alt=\"\" width=\"1024\" height=\"683\" srcset=\"https:\/\/santosmoreno.es\/wp-content\/uploads\/2017\/04\/MG_5000.jpg 1024w, https:\/\/santosmoreno.es\/wp-content\/uploads\/2017\/04\/MG_5000-300x200.jpg 300w, https:\/\/santosmoreno.es\/wp-content\/uploads\/2017\/04\/MG_5000-768x512.jpg 768w\" sizes=\"(max-width: 1024px) 100vw, 1024px\" \/><\/a><\/p>\n<p><a href=\"http:\/\/santosmoreno.es\/wp-content\/uploads\/2017\/04\/MG_5011.jpg\"><img loading=\"lazy\" class=\"alignnone size-full wp-image-301\" src=\"http:\/\/santosmoreno.es\/wp-content\/uploads\/2017\/04\/MG_5011.jpg\" alt=\"\" width=\"1024\" height=\"683\" srcset=\"https:\/\/santosmoreno.es\/wp-content\/uploads\/2017\/04\/MG_5011.jpg 1024w, https:\/\/santosmoreno.es\/wp-content\/uploads\/2017\/04\/MG_5011-300x200.jpg 300w, https:\/\/santosmoreno.es\/wp-content\/uploads\/2017\/04\/MG_5011-768x512.jpg 768w\" sizes=\"(max-width: 1024px) 100vw, 1024px\" \/><\/a><\/p>\n<p>Con Luis Godinho, ganador del Premio Nacional de Portugal, con quien compartimos grandes momentos durante nuestra estancia en Londres.<\/p>\n<p><a href=\"http:\/\/santosmoreno.es\/wp-content\/uploads\/2017\/04\/MG_4971.jpg\"><img loading=\"lazy\" class=\"alignnone size-full wp-image-304\" src=\"http:\/\/santosmoreno.es\/wp-content\/uploads\/2017\/04\/MG_4971.jpg\" alt=\"\" width=\"1024\" height=\"683\" srcset=\"https:\/\/santosmoreno.es\/wp-content\/uploads\/2017\/04\/MG_4971.jpg 1024w, https:\/\/santosmoreno.es\/wp-content\/uploads\/2017\/04\/MG_4971-300x200.jpg 300w, https:\/\/santosmoreno.es\/wp-content\/uploads\/2017\/04\/MG_4971-768x512.jpg 768w\" sizes=\"(max-width: 1024px) 100vw, 1024px\" \/><\/a><\/p>\n<p>Con Francisco Ubilla, ganador del Premio Nacional de Chile, con quien tambi\u00e9n hubo buenos momentos en la City.<\/p>\n<p><a href=\"http:\/\/santosmoreno.es\/wp-content\/uploads\/2017\/04\/MG_4973.jpg\"><img loading=\"lazy\" class=\"alignnone size-full wp-image-305\" src=\"http:\/\/santosmoreno.es\/wp-content\/uploads\/2017\/04\/MG_4973.jpg\" alt=\"\" width=\"1024\" height=\"683\" srcset=\"https:\/\/santosmoreno.es\/wp-content\/uploads\/2017\/04\/MG_4973.jpg 1024w, https:\/\/santosmoreno.es\/wp-content\/uploads\/2017\/04\/MG_4973-300x200.jpg 300w, https:\/\/santosmoreno.es\/wp-content\/uploads\/2017\/04\/MG_4973-768x512.jpg 768w\" sizes=\"(max-width: 1024px) 100vw, 1024px\" \/><\/a><\/p>\n<p>Minutos despu\u00e9s nos dirigimos a una gran sala, donde tuvo lugar la cena de gala y la entrega de los premios a los ganadores de cada una de las secciones que componen los Sony World Photography Awards a nivel profesional y amateur. Un acto impresionante por la gran cantidad de invitados y las tres pantallas gigantes donde se iban proyectando las fotograf\u00edas premiadas. Compartimos mesa con Luis Godinho (Portugal), junto con miembros de prensa espa\u00f1ola y portuguesa.<\/p>\n<p><a href=\"http:\/\/santosmoreno.es\/wp-content\/uploads\/2017\/04\/YDXJ0153.jpg\"><img loading=\"lazy\" class=\"alignnone size-full wp-image-308\" src=\"http:\/\/santosmoreno.es\/wp-content\/uploads\/2017\/04\/YDXJ0153.jpg\" alt=\"\" width=\"1024\" height=\"683\" srcset=\"https:\/\/santosmoreno.es\/wp-content\/uploads\/2017\/04\/YDXJ0153.jpg 1024w, https:\/\/santosmoreno.es\/wp-content\/uploads\/2017\/04\/YDXJ0153-300x200.jpg 300w, https:\/\/santosmoreno.es\/wp-content\/uploads\/2017\/04\/YDXJ0153-768x512.jpg 768w\" sizes=\"(max-width: 1024px) 100vw, 1024px\" \/><\/a><\/p>\n<p>El fot\u00f3grafo invitado y homenajeado en la presente edici\u00f3n fue el brit\u00e1nico <strong>Martin Parr<\/strong>, con quien nos hicimos un selfie y tuve la fortuna de hacerme una foto con \u00e9l.<\/p>\n<p><a href=\"http:\/\/santosmoreno.es\/wp-content\/uploads\/2017\/04\/YDXJ0155.jpg\"><img loading=\"lazy\" class=\"alignnone size-full wp-image-309\" src=\"http:\/\/santosmoreno.es\/wp-content\/uploads\/2017\/04\/YDXJ0155.jpg\" alt=\"\" width=\"1024\" height=\"683\" srcset=\"https:\/\/santosmoreno.es\/wp-content\/uploads\/2017\/04\/YDXJ0155.jpg 1024w, https:\/\/santosmoreno.es\/wp-content\/uploads\/2017\/04\/YDXJ0155-300x200.jpg 300w, https:\/\/santosmoreno.es\/wp-content\/uploads\/2017\/04\/YDXJ0155-768x512.jpg 768w\" sizes=\"(max-width: 1024px) 100vw, 1024px\" \/><\/a><\/p>\n<p><a href=\"http:\/\/santosmoreno.es\/wp-content\/uploads\/2017\/04\/MG_5020.jpg\"><img loading=\"lazy\" class=\"alignnone size-full wp-image-302\" src=\"http:\/\/santosmoreno.es\/wp-content\/uploads\/2017\/04\/MG_5020.jpg\" alt=\"\" width=\"1024\" height=\"683\" srcset=\"https:\/\/santosmoreno.es\/wp-content\/uploads\/2017\/04\/MG_5020.jpg 1024w, https:\/\/santosmoreno.es\/wp-content\/uploads\/2017\/04\/MG_5020-300x200.jpg 300w, https:\/\/santosmoreno.es\/wp-content\/uploads\/2017\/04\/MG_5020-768x512.jpg 768w\" sizes=\"(max-width: 1024px) 100vw, 1024px\" \/><\/a><\/p>\n<p>El viernes por la ma\u00f1ana nos desplazamos hasta la enorme<strong> Galer\u00eda Somerset House<\/strong>, donde nos hicieron un pase privado solo para los premiados y donde estaban expuestas todas las obras galardonadas en la presente edici\u00f3n.\u00a0Nuevamente tuvimos oportunidad de encontrarnos con los fot\u00f3grafos iberoamericanos entre los que hubo muy buena sinton\u00eda y surgieron propuestas expositivas conjuntas.<\/p>\n<p><a href=\"http:\/\/santosmoreno.es\/wp-content\/uploads\/2017\/04\/MG_5099.jpg\"><img loading=\"lazy\" class=\"alignnone size-full wp-image-307\" src=\"http:\/\/santosmoreno.es\/wp-content\/uploads\/2017\/04\/MG_5099.jpg\" alt=\"\" width=\"1024\" height=\"683\" srcset=\"https:\/\/santosmoreno.es\/wp-content\/uploads\/2017\/04\/MG_5099.jpg 1024w, https:\/\/santosmoreno.es\/wp-content\/uploads\/2017\/04\/MG_5099-300x200.jpg 300w, https:\/\/santosmoreno.es\/wp-content\/uploads\/2017\/04\/MG_5099-768x512.jpg 768w\" sizes=\"(max-width: 1024px) 100vw, 1024px\" \/><\/a><\/p>\n<p><a href=\"http:\/\/santosmoreno.es\/wp-content\/uploads\/2017\/05\/YDXJ0157.jpg\"><img loading=\"lazy\" class=\"alignnone size-full wp-image-311\" src=\"http:\/\/santosmoreno.es\/wp-content\/uploads\/2017\/05\/YDXJ0157.jpg\" alt=\"\" width=\"1024\" height=\"768\" srcset=\"https:\/\/santosmoreno.es\/wp-content\/uploads\/2017\/05\/YDXJ0157.jpg 1024w, https:\/\/santosmoreno.es\/wp-content\/uploads\/2017\/05\/YDXJ0157-300x225.jpg 300w, https:\/\/santosmoreno.es\/wp-content\/uploads\/2017\/05\/YDXJ0157-768x576.jpg 768w\" sizes=\"(max-width: 1024px) 100vw, 1024px\" \/><\/a><\/p>\n<p>Despedida delante de Somerset, con nuestros amigos portugueses. Seguro que volveremos!<\/p>\n<p><a href=\"http:\/\/santosmoreno.es\/wp-content\/uploads\/2017\/05\/YDXJ0158.jpg\"><img loading=\"lazy\" class=\"alignnone size-full wp-image-310\" src=\"http:\/\/santosmoreno.es\/wp-content\/uploads\/2017\/05\/YDXJ0158.jpg\" alt=\"\" width=\"1024\" height=\"768\" srcset=\"https:\/\/santosmoreno.es\/wp-content\/uploads\/2017\/05\/YDXJ0158.jpg 1024w, https:\/\/santosmoreno.es\/wp-content\/uploads\/2017\/05\/YDXJ0158-300x225.jpg 300w, https:\/\/santosmoreno.es\/wp-content\/uploads\/2017\/05\/YDXJ0158-768x576.jpg 768w\" sizes=\"(max-width: 1024px) 100vw, 1024px\" \/><\/a><\/p>\n<p>En resumen, una experiencia incre\u00edble que nunca voy a olvidar y de la que me llevo nuevos amigos, grandes momentos e inolvidables recuerdos. Ah, y todo mi agradecimiento a mi querida esposa <strong>Mar Biosca<\/strong>, por compartir conmigo todas estas experiencias inolvidables y documentarlas con sus fotos!!!<\/p>\n","protected":false},"excerpt":{"rendered":"<p>El pasado jueves d\u00eda 20 de abril, viaje a Londres como invitado a la ceremonia de entrega de premios\u00a0Sony World Photography Awards 2017. El acto se celebr\u00f3 en el Hotel Hilton, donde a las 17 horas se hicieron entrega de los premios nacionales de todos los pa\u00edses que han participado en la presente edici\u00f3n. Uno [&hellip;]<\/p>\n","protected":false},"author":1,"featured_media":0,"comment_status":"open","ping_status":"open","sticky":false,"template":"","format":"standard","meta":[],"categories":[6],"tags":[11,13,12,10,14,9],"_links":{"self":[{"href":"https:\/\/santosmoreno.es\/index.php\/wp-json\/wp\/v2\/posts\/295"}],"collection":[{"href":"https:\/\/santosmoreno.es\/index.php\/wp-json\/wp\/v2\/posts"}],"about":[{"href":"https:\/\/santosmoreno.es\/index.php\/wp-json\/wp\/v2\/types\/post"}],"author":[{"embeddable":true,"href":"https:\/\/santosmoreno.es\/index.php\/wp-json\/wp\/v2\/users\/1"}],"replies":[{"embeddable":true,"href":"https:\/\/santosmoreno.es\/index.php\/wp-json\/wp\/v2\/comments?post=295"}],"version-history":[{"count":7,"href":"https:\/\/santosmoreno.es\/index.php\/wp-json\/wp\/v2\/posts\/295\/revisions"}],"predecessor-version":[{"id":316,"href":"https:\/\/santosmoreno.es\/index.php\/wp-json\/wp\/v2\/posts\/295\/revisions\/316"}],"wp:attachment":[{"href":"https:\/\/santosmoreno.es\/index.php\/wp-json\/wp\/v2\/media?parent=295"}],"wp:term":[{"taxonomy":"category","embeddable":true,"href":"https:\/\/santosmoreno.es\/index.php\/wp-json\/wp\/v2\/categories?post=295"},{"taxonomy":"post_tag","embeddable":true,"href":"https:\/\/santosmoreno.es\/index.php\/wp-json\/wp\/v2\/tags?post=295"}],"curies":[{"name":"wp","href":"https:\/\/api.w.org\/{rel}","templated":true}]}}