{"id":332,"date":"2017-05-04T08:49:39","date_gmt":"2017-05-04T08:49:39","guid":{"rendered":"http:\/\/santosmoreno.es\/?p=332"},"modified":"2017-05-04T08:56:54","modified_gmt":"2017-05-04T08:56:54","slug":"os-invito-a-la-inaguracion-de-mi-exposicion-orthodox-easter-en-segorbe-castellon","status":"publish","type":"post","link":"https:\/\/santosmoreno.es\/index.php\/2017\/05\/04\/os-invito-a-la-inaguracion-de-mi-exposicion-orthodox-easter-en-segorbe-castellon\/","title":{"rendered":"Os invito a la inaguraci\u00f3n de mi exposici\u00f3n &#8220;Orthodox Easter&#8221; en Segorbe (Castell\u00f3n)"},"content":{"rendered":"<p>Tengo el placer de invitaros a la inauguraci\u00f3n de mi exposici\u00f3n<strong> &#8220;Orthodox Easter&#8221;<\/strong>, que en esta ocasi\u00f3n y tras haber sido mostrada por varias ciudades de Espa\u00f1a y Francia, llega hasta <strong>Segorbe (Castell\u00f3n)<\/strong>. El acto tendr\u00e1 lugar el <strong>viernes d\u00eda 5 de mayo a las 19:30 horas<\/strong>, en el <strong>Centro Cultural Olga Raro <\/strong>en la<strong> Sala Camar\u00f3n<\/strong>. Esta exposici\u00f3n se encuentra enmarcada dentro de los Festivales <strong>&#8220;Foto Mayo&#8221;<\/strong>, que organiza la <strong>Agrupaci\u00f3n Fotogr\u00e1fica de Segorbe<\/strong>, e <strong>&#8220;Imaginaria&#8221;<\/strong>, que organiza la<strong> Universidad Jaume I de Castell\u00f3n<\/strong>.<\/p>\n<p><a href=\"http:\/\/santosmoreno.es\/wp-content\/uploads\/2017\/05\/Cartel-Orthodox-Easter-Segorbe-web.jpg\"><img loading=\"lazy\" class=\"alignnone size-full wp-image-333\" src=\"http:\/\/santosmoreno.es\/wp-content\/uploads\/2017\/05\/Cartel-Orthodox-Easter-Segorbe-web.jpg\" alt=\"\" width=\"1024\" height=\"1448\" srcset=\"https:\/\/santosmoreno.es\/wp-content\/uploads\/2017\/05\/Cartel-Orthodox-Easter-Segorbe-web.jpg 1024w, https:\/\/santosmoreno.es\/wp-content\/uploads\/2017\/05\/Cartel-Orthodox-Easter-Segorbe-web-212x300.jpg 212w, https:\/\/santosmoreno.es\/wp-content\/uploads\/2017\/05\/Cartel-Orthodox-Easter-Segorbe-web-768x1086.jpg 768w, https:\/\/santosmoreno.es\/wp-content\/uploads\/2017\/05\/Cartel-Orthodox-Easter-Segorbe-web-724x1024.jpg 724w\" sizes=\"(max-width: 1024px) 100vw, 1024px\" \/><\/a><\/p>\n<p>Tendr\u00e9 el honor de compartir \u00e9sta magnifica sala de exposiciones con mi amigo y gran fot\u00f3grafo Israel\u00ed, <strong>Hugo Romano<\/strong>. Para los que no pod\u00e1is asistir o tal vez para que os termin\u00e9is de decidir a venir, os muestro un v\u00eddeo del montaje de la exposici\u00f3n, que mi amigo <strong>Jos\u00e9 Antonio Dom\u00e9nech<\/strong>, ha tenido el detalle de realizar.<\/p>\n<p><iframe loading=\"lazy\" src=\"https:\/\/player.vimeo.com\/video\/215657085\" width=\"500\" height=\"281\" frameborder=\"0\" title=\"Montaje exposicion Segorbe.1080p\" webkitallowfullscreen mozallowfullscreen allowfullscreen><\/iframe><\/p>\n<p>Mi agradecimiento a la <strong>Agrupaci\u00f3n Fotogr\u00e1fica de Segorbe<\/strong> y a su presidente <strong>Pablo Maroto<\/strong> por su invitaci\u00f3n, y a mi amigo <strong>JM Valde<\/strong> por su apoyo y por su ayuda en el montaje de la exposici\u00f3n. Por supuesto tambi\u00e9n mi agradecimiento a <strong>Jos\u00e9 A. Dom\u00e9nech<\/strong> y a mi querida esposa <strong>Mar Biosca<\/strong>, sin cuyo apoyo y cari\u00f1o, todo esto no ser\u00eda posible.<\/p>\n<p>Est\u00e1is todos invitados, no falt\u00e9is!!!<\/p>\n","protected":false},"excerpt":{"rendered":"<p>Tengo el placer de invitaros a la inauguraci\u00f3n de mi exposici\u00f3n &#8220;Orthodox Easter&#8221;, que en esta ocasi\u00f3n y tras haber sido mostrada por varias ciudades de Espa\u00f1a y Francia, llega hasta Segorbe (Castell\u00f3n). El acto tendr\u00e1 lugar el viernes d\u00eda 5 de mayo a las 19:30 horas, en el Centro Cultural Olga Raro en la [&hellip;]<\/p>\n","protected":false},"author":1,"featured_media":0,"comment_status":"open","ping_status":"open","sticky":false,"template":"","format":"standard","meta":[],"categories":[1,7],"tags":[23,21,24,25,26,22,13],"_links":{"self":[{"href":"https:\/\/santosmoreno.es\/index.php\/wp-json\/wp\/v2\/posts\/332"}],"collection":[{"href":"https:\/\/santosmoreno.es\/index.php\/wp-json\/wp\/v2\/posts"}],"about":[{"href":"https:\/\/santosmoreno.es\/index.php\/wp-json\/wp\/v2\/types\/post"}],"author":[{"embeddable":true,"href":"https:\/\/santosmoreno.es\/index.php\/wp-json\/wp\/v2\/users\/1"}],"replies":[{"embeddable":true,"href":"https:\/\/santosmoreno.es\/index.php\/wp-json\/wp\/v2\/comments?post=332"}],"version-history":[{"count":1,"href":"https:\/\/santosmoreno.es\/index.php\/wp-json\/wp\/v2\/posts\/332\/revisions"}],"predecessor-version":[{"id":334,"href":"https:\/\/santosmoreno.es\/index.php\/wp-json\/wp\/v2\/posts\/332\/revisions\/334"}],"wp:attachment":[{"href":"https:\/\/santosmoreno.es\/index.php\/wp-json\/wp\/v2\/media?parent=332"}],"wp:term":[{"taxonomy":"category","embeddable":true,"href":"https:\/\/santosmoreno.es\/index.php\/wp-json\/wp\/v2\/categories?post=332"},{"taxonomy":"post_tag","embeddable":true,"href":"https:\/\/santosmoreno.es\/index.php\/wp-json\/wp\/v2\/tags?post=332"}],"curies":[{"name":"wp","href":"https:\/\/api.w.org\/{rel}","templated":true}]}}