{"id":336,"date":"2017-05-07T22:15:06","date_gmt":"2017-05-07T22:15:06","guid":{"rendered":"http:\/\/santosmoreno.es\/?p=336"},"modified":"2017-05-07T22:26:17","modified_gmt":"2017-05-07T22:26:17","slug":"inauguracion-de-mi-exposicion-orthodox-easter-en-segorbe","status":"publish","type":"post","link":"https:\/\/santosmoreno.es\/index.php\/2017\/05\/07\/inauguracion-de-mi-exposicion-orthodox-easter-en-segorbe\/","title":{"rendered":"Inauguraci\u00f3n de mi exposici\u00f3n &#8220;Orthodox Easter&#8221; en Segorbe"},"content":{"rendered":"<p>El pasado <strong>viernes 5 de mayo<\/strong>, tuve el placer de inaugurar mi exposici\u00f3n <strong>&#8220;Orthodox Easter&#8221;<\/strong>, en la <strong>Sala Camar\u00f3n<\/strong> del <strong>Centro Municipal de Cultura Olga Raro<\/strong>, de <strong>Segorbe<\/strong>. Al Acto acudi\u00f3 numeroso p\u00fablico, entre compa\u00f1eros de la Agrupaci\u00f3n Fotogr\u00e1fica de Segorbe, Grup Fotogr\u00e0fic d\u00b4Almenara, familiares y amigos, contando tambi\u00e9n con la presencia del <strong>Concejal de Cultura<\/strong> <strong>D. Pedro G\u00f3mez Sender<\/strong>.<\/p>\n<p><a href=\"http:\/\/santosmoreno.es\/wp-content\/uploads\/2017\/05\/MG_5316.jpg\"><img loading=\"lazy\" class=\"alignnone size-full wp-image-337\" src=\"http:\/\/santosmoreno.es\/wp-content\/uploads\/2017\/05\/MG_5316.jpg\" alt=\"\" width=\"1024\" height=\"683\" srcset=\"https:\/\/santosmoreno.es\/wp-content\/uploads\/2017\/05\/MG_5316.jpg 1024w, https:\/\/santosmoreno.es\/wp-content\/uploads\/2017\/05\/MG_5316-300x200.jpg 300w, https:\/\/santosmoreno.es\/wp-content\/uploads\/2017\/05\/MG_5316-768x512.jpg 768w\" sizes=\"(max-width: 1024px) 100vw, 1024px\" \/><\/a><\/p>\n<p>Tras unas palabras de presentaci\u00f3n por parte del <strong>Presidente de la AFS<\/strong> (<strong>Pablo Maroto<\/strong>) y del <strong>Concejal de Cultura<\/strong>, tom\u00e9 la palabra para agradecer a todos su presencia y por haberme brindado la oportunidad de exponer mi obra en tan magn\u00edfica sala, como lo es la Sala Camar\u00f3n.<\/p>\n<p><a href=\"http:\/\/santosmoreno.es\/wp-content\/uploads\/2017\/05\/MG_5329.jpg\"><img loading=\"lazy\" class=\"alignnone size-full wp-image-338\" src=\"http:\/\/santosmoreno.es\/wp-content\/uploads\/2017\/05\/MG_5329.jpg\" alt=\"\" width=\"1024\" height=\"683\" srcset=\"https:\/\/santosmoreno.es\/wp-content\/uploads\/2017\/05\/MG_5329.jpg 1024w, https:\/\/santosmoreno.es\/wp-content\/uploads\/2017\/05\/MG_5329-300x200.jpg 300w, https:\/\/santosmoreno.es\/wp-content\/uploads\/2017\/05\/MG_5329-768x512.jpg 768w\" sizes=\"(max-width: 1024px) 100vw, 1024px\" \/><\/a><\/p>\n<p>Posteriormente di una somera explicaci\u00f3n para introducir a los presentes en la narrativa del trabajo que iban a poder contemplar a continuaci\u00f3n.<\/p>\n<p><a href=\"http:\/\/santosmoreno.es\/wp-content\/uploads\/2017\/05\/MG_5332.jpg\"><img loading=\"lazy\" class=\"alignnone size-full wp-image-339\" src=\"http:\/\/santosmoreno.es\/wp-content\/uploads\/2017\/05\/MG_5332.jpg\" alt=\"\" width=\"1024\" height=\"683\" srcset=\"https:\/\/santosmoreno.es\/wp-content\/uploads\/2017\/05\/MG_5332.jpg 1024w, https:\/\/santosmoreno.es\/wp-content\/uploads\/2017\/05\/MG_5332-300x200.jpg 300w, https:\/\/santosmoreno.es\/wp-content\/uploads\/2017\/05\/MG_5332-768x512.jpg 768w\" sizes=\"(max-width: 1024px) 100vw, 1024px\" \/><\/a><\/p>\n<p><a href=\"http:\/\/santosmoreno.es\/wp-content\/uploads\/2017\/05\/MG_5347-1.jpg\"><img loading=\"lazy\" class=\"alignnone size-full wp-image-340\" src=\"http:\/\/santosmoreno.es\/wp-content\/uploads\/2017\/05\/MG_5347-1.jpg\" alt=\"\" width=\"1024\" height=\"683\" srcset=\"https:\/\/santosmoreno.es\/wp-content\/uploads\/2017\/05\/MG_5347-1.jpg 1024w, https:\/\/santosmoreno.es\/wp-content\/uploads\/2017\/05\/MG_5347-1-300x200.jpg 300w, https:\/\/santosmoreno.es\/wp-content\/uploads\/2017\/05\/MG_5347-1-768x512.jpg 768w\" sizes=\"(max-width: 1024px) 100vw, 1024px\" \/><\/a><\/p>\n<p><a href=\"http:\/\/santosmoreno.es\/wp-content\/uploads\/2017\/05\/MG_5345.jpg\"><img loading=\"lazy\" class=\"alignnone size-full wp-image-343\" src=\"http:\/\/santosmoreno.es\/wp-content\/uploads\/2017\/05\/MG_5345.jpg\" alt=\"\" width=\"1024\" height=\"683\" srcset=\"https:\/\/santosmoreno.es\/wp-content\/uploads\/2017\/05\/MG_5345.jpg 1024w, https:\/\/santosmoreno.es\/wp-content\/uploads\/2017\/05\/MG_5345-300x200.jpg 300w, https:\/\/santosmoreno.es\/wp-content\/uploads\/2017\/05\/MG_5345-768x512.jpg 768w\" sizes=\"(max-width: 1024px) 100vw, 1024px\" \/><\/a><\/p>\n<p><a href=\"http:\/\/santosmoreno.es\/wp-content\/uploads\/2017\/05\/MG_5325.jpg\"><img loading=\"lazy\" class=\"alignnone size-full wp-image-342\" src=\"http:\/\/santosmoreno.es\/wp-content\/uploads\/2017\/05\/MG_5325.jpg\" alt=\"\" width=\"1024\" height=\"683\" srcset=\"https:\/\/santosmoreno.es\/wp-content\/uploads\/2017\/05\/MG_5325.jpg 1024w, https:\/\/santosmoreno.es\/wp-content\/uploads\/2017\/05\/MG_5325-300x200.jpg 300w, https:\/\/santosmoreno.es\/wp-content\/uploads\/2017\/05\/MG_5325-768x512.jpg 768w\" sizes=\"(max-width: 1024px) 100vw, 1024px\" \/><\/a><\/p>\n<p><a href=\"http:\/\/santosmoreno.es\/wp-content\/uploads\/2017\/05\/MG_5314.jpg\"><img loading=\"lazy\" class=\"alignnone size-full wp-image-341\" src=\"http:\/\/santosmoreno.es\/wp-content\/uploads\/2017\/05\/MG_5314.jpg\" alt=\"\" width=\"1024\" height=\"683\" srcset=\"https:\/\/santosmoreno.es\/wp-content\/uploads\/2017\/05\/MG_5314.jpg 1024w, https:\/\/santosmoreno.es\/wp-content\/uploads\/2017\/05\/MG_5314-300x200.jpg 300w, https:\/\/santosmoreno.es\/wp-content\/uploads\/2017\/05\/MG_5314-768x512.jpg 768w\" sizes=\"(max-width: 1024px) 100vw, 1024px\" \/><\/a><\/p>\n<p><a href=\"http:\/\/santosmoreno.es\/wp-content\/uploads\/2017\/05\/YDXJ0189.jpg\"><img loading=\"lazy\" class=\"alignnone size-full wp-image-346\" src=\"http:\/\/santosmoreno.es\/wp-content\/uploads\/2017\/05\/YDXJ0189.jpg\" alt=\"\" width=\"1024\" height=\"768\" srcset=\"https:\/\/santosmoreno.es\/wp-content\/uploads\/2017\/05\/YDXJ0189.jpg 1024w, https:\/\/santosmoreno.es\/wp-content\/uploads\/2017\/05\/YDXJ0189-300x225.jpg 300w, https:\/\/santosmoreno.es\/wp-content\/uploads\/2017\/05\/YDXJ0189-768x576.jpg 768w\" sizes=\"(max-width: 1024px) 100vw, 1024px\" \/><\/a><\/p>\n<p>Minutos despu\u00e9s nos desplazamos para visitar las exposiciones que componen este magn\u00edfico <strong>Festival &#8220;Foto Mayo 2017&#8221;<\/strong>, organizado por la Agrupaci\u00f3n Fotogr\u00e1fica de Segorbe y el ayuntamiento de la cuidad y que se engloban dentro del \u00a0Festival Imaginaria que organiza la<strong> UJI de Castell\u00f3n<\/strong>.<\/p>\n<p><a href=\"http:\/\/santosmoreno.es\/wp-content\/uploads\/2017\/05\/MG_5353.jpg\"><img loading=\"lazy\" class=\"alignnone size-full wp-image-344\" src=\"http:\/\/santosmoreno.es\/wp-content\/uploads\/2017\/05\/MG_5353.jpg\" alt=\"\" width=\"1024\" height=\"683\" srcset=\"https:\/\/santosmoreno.es\/wp-content\/uploads\/2017\/05\/MG_5353.jpg 1024w, https:\/\/santosmoreno.es\/wp-content\/uploads\/2017\/05\/MG_5353-300x200.jpg 300w, https:\/\/santosmoreno.es\/wp-content\/uploads\/2017\/05\/MG_5353-768x512.jpg 768w\" sizes=\"(max-width: 1024px) 100vw, 1024px\" \/><\/a><\/p>\n<p><a href=\"http:\/\/santosmoreno.es\/wp-content\/uploads\/2017\/05\/YDXJ0190.jpg\"><img loading=\"lazy\" class=\"alignnone size-full wp-image-345\" src=\"http:\/\/santosmoreno.es\/wp-content\/uploads\/2017\/05\/YDXJ0190.jpg\" alt=\"\" width=\"1024\" height=\"768\" srcset=\"https:\/\/santosmoreno.es\/wp-content\/uploads\/2017\/05\/YDXJ0190.jpg 1024w, https:\/\/santosmoreno.es\/wp-content\/uploads\/2017\/05\/YDXJ0190-300x225.jpg 300w, https:\/\/santosmoreno.es\/wp-content\/uploads\/2017\/05\/YDXJ0190-768x576.jpg 768w\" sizes=\"(max-width: 1024px) 100vw, 1024px\" \/><\/a><\/p>\n<p>Para terminar una estupenda tarde de fotograf\u00eda, nos desplazamos a cenar al <strong>Restaurante el Ambig\u00fa<\/strong>, que regenta el gran fot\u00f3grafo y amigo\u00a0<strong>Fernando Herrero<\/strong>, donde adem\u00e1s, hay expuesta una recomendable exposici\u00f3n sobre el <strong>Delta del Ebro<\/strong>, de algunos fot\u00f3grafos segorbinos.<\/p>\n<p><a href=\"http:\/\/santosmoreno.es\/wp-content\/uploads\/2017\/05\/YDXJ0192.jpg\"><img loading=\"lazy\" class=\"alignnone size-full wp-image-347\" src=\"http:\/\/santosmoreno.es\/wp-content\/uploads\/2017\/05\/YDXJ0192.jpg\" alt=\"\" width=\"1024\" height=\"768\" srcset=\"https:\/\/santosmoreno.es\/wp-content\/uploads\/2017\/05\/YDXJ0192.jpg 1024w, https:\/\/santosmoreno.es\/wp-content\/uploads\/2017\/05\/YDXJ0192-300x225.jpg 300w, https:\/\/santosmoreno.es\/wp-content\/uploads\/2017\/05\/YDXJ0192-768x576.jpg 768w\" sizes=\"(max-width: 1024px) 100vw, 1024px\" \/><\/a><\/p>\n<p>Una vez m\u00e1s, quiero dar las gracias a mis amigos de la <strong>Agrupaci\u00f3n Fotogr\u00e1f\u00edca de Segorbe<\/strong>, y a su Presidente <strong>Pablo Maroto<\/strong>, por brindarme la oportunidad de mostrar mi obra en su <strong>&#8220;Foto Mayo&#8221;<\/strong> y por el excelente trato recibido por todos sus miembros, tanto hacia mi, como a mi esposa Mar, y felicitarles por el gran festival que organizan cada a\u00f1o y el cual recomiendo encarecidamente visitar.<\/p>\n<p>No quiero dejar pasar la oportunidad de hacer un agradecimiento especial a mi amigo <strong>JM Valde<\/strong>, por su apoyo para que mi trabajo se mostrara en Segorbe, y su dedicaci\u00f3n en cuerpo y alma a su querido Foto Mayo.<\/p>\n","protected":false},"excerpt":{"rendered":"<p>El pasado viernes 5 de mayo, tuve el placer de inaugurar mi exposici\u00f3n &#8220;Orthodox Easter&#8221;, en la Sala Camar\u00f3n del Centro Municipal de Cultura Olga Raro, de Segorbe. Al Acto acudi\u00f3 numeroso p\u00fablico, entre compa\u00f1eros de la Agrupaci\u00f3n Fotogr\u00e1fica de Segorbe, Grup Fotogr\u00e0fic d\u00b4Almenara, familiares y amigos, contando tambi\u00e9n con la presencia del Concejal de [&hellip;]<\/p>\n","protected":false},"author":1,"featured_media":0,"comment_status":"open","ping_status":"open","sticky":false,"template":"","format":"standard","meta":[],"categories":[7],"tags":[21,24,25,22,13],"_links":{"self":[{"href":"https:\/\/santosmoreno.es\/index.php\/wp-json\/wp\/v2\/posts\/336"}],"collection":[{"href":"https:\/\/santosmoreno.es\/index.php\/wp-json\/wp\/v2\/posts"}],"about":[{"href":"https:\/\/santosmoreno.es\/index.php\/wp-json\/wp\/v2\/types\/post"}],"author":[{"embeddable":true,"href":"https:\/\/santosmoreno.es\/index.php\/wp-json\/wp\/v2\/users\/1"}],"replies":[{"embeddable":true,"href":"https:\/\/santosmoreno.es\/index.php\/wp-json\/wp\/v2\/comments?post=336"}],"version-history":[{"count":9,"href":"https:\/\/santosmoreno.es\/index.php\/wp-json\/wp\/v2\/posts\/336\/revisions"}],"predecessor-version":[{"id":356,"href":"https:\/\/santosmoreno.es\/index.php\/wp-json\/wp\/v2\/posts\/336\/revisions\/356"}],"wp:attachment":[{"href":"https:\/\/santosmoreno.es\/index.php\/wp-json\/wp\/v2\/media?parent=336"}],"wp:term":[{"taxonomy":"category","embeddable":true,"href":"https:\/\/santosmoreno.es\/index.php\/wp-json\/wp\/v2\/categories?post=336"},{"taxonomy":"post_tag","embeddable":true,"href":"https:\/\/santosmoreno.es\/index.php\/wp-json\/wp\/v2\/tags?post=336"}],"curies":[{"name":"wp","href":"https:\/\/api.w.org\/{rel}","templated":true}]}}