{"id":466,"date":"2017-12-24T00:11:07","date_gmt":"2017-12-24T00:11:07","guid":{"rendered":"http:\/\/santosmoreno.es\/?p=466"},"modified":"2017-12-26T07:41:14","modified_gmt":"2017-12-26T07:41:14","slug":"jurado-en-el-67-trofeu-pell-salon-internacional-de-fotografia-digital-2017","status":"publish","type":"post","link":"https:\/\/santosmoreno.es\/index.php\/2017\/12\/24\/jurado-en-el-67-trofeu-pell-salon-internacional-de-fotografia-digital-2017\/","title":{"rendered":"Jurado en el 67 Trofeu Pell Sal\u00f3n Internacional de fotograf\u00eda digital 2017"},"content":{"rendered":"<p>Los pasados d\u00edas <strong>15, 16 y 17 de diciembre<\/strong> tuve el honor de ser invitado como jurado de la <strong>67 edici\u00f3n del\u00a0Trofeu Pell Sal\u00f3n Internacional de fotograf\u00eda digital 2017<\/strong>, de <strong>Igualada (Barcelona)<\/strong>, uno de los concursos mas antiguos de Espa\u00f1a.<\/p>\n<p>Para \u00e9sta edici\u00f3n tuve el placer de realizar el veredicto junto a los prestigiosos fot\u00f3grafos catalanes, <a href=\"http:\/\/www.rogervelazquez.com\/home.php?id_lang=es\"><strong>Roger Vel\u00e1zquez<\/strong><\/a> y<strong> Santi Bajona<\/strong>, que tuvimos que evaluar un total de <strong>2976 fotograf\u00edas<\/strong> de <strong>212 autores<\/strong> procedentes de <strong>37 pa\u00edses<\/strong>, entre las <strong>4 secciones<\/strong> de las que se compon\u00eda el certamen.<\/p>\n<p><a href=\"http:\/\/santosmoreno.es\/wp-content\/uploads\/2017\/12\/DSC00051.jpg\"><img loading=\"lazy\" class=\"alignnone size-full wp-image-468\" src=\"http:\/\/santosmoreno.es\/wp-content\/uploads\/2017\/12\/DSC00051.jpg\" alt=\"\" width=\"1024\" height=\"683\" srcset=\"https:\/\/santosmoreno.es\/wp-content\/uploads\/2017\/12\/DSC00051.jpg 1024w, https:\/\/santosmoreno.es\/wp-content\/uploads\/2017\/12\/DSC00051-300x200.jpg 300w, https:\/\/santosmoreno.es\/wp-content\/uploads\/2017\/12\/DSC00051-768x512.jpg 768w\" sizes=\"(max-width: 1024px) 100vw, 1024px\" \/><\/a><\/p>\n<p><a href=\"http:\/\/santosmoreno.es\/wp-content\/uploads\/2017\/12\/DSC00055.jpg\"><img loading=\"lazy\" class=\"alignnone size-full wp-image-469\" src=\"http:\/\/santosmoreno.es\/wp-content\/uploads\/2017\/12\/DSC00055.jpg\" alt=\"\" width=\"1024\" height=\"683\" srcset=\"https:\/\/santosmoreno.es\/wp-content\/uploads\/2017\/12\/DSC00055.jpg 1024w, https:\/\/santosmoreno.es\/wp-content\/uploads\/2017\/12\/DSC00055-300x200.jpg 300w, https:\/\/santosmoreno.es\/wp-content\/uploads\/2017\/12\/DSC00055-768x512.jpg 768w\" sizes=\"(max-width: 1024px) 100vw, 1024px\" \/><\/a><\/p>\n<p><a href=\"http:\/\/santosmoreno.es\/wp-content\/uploads\/2017\/12\/DSC00069.jpg\"><img loading=\"lazy\" class=\"alignnone size-full wp-image-471\" src=\"http:\/\/santosmoreno.es\/wp-content\/uploads\/2017\/12\/DSC00069.jpg\" alt=\"\" width=\"1024\" height=\"683\" srcset=\"https:\/\/santosmoreno.es\/wp-content\/uploads\/2017\/12\/DSC00069.jpg 1024w, https:\/\/santosmoreno.es\/wp-content\/uploads\/2017\/12\/DSC00069-300x200.jpg 300w, https:\/\/santosmoreno.es\/wp-content\/uploads\/2017\/12\/DSC00069-768x512.jpg 768w\" sizes=\"(max-width: 1024px) 100vw, 1024px\" \/><\/a><\/p>\n<p><a href=\"http:\/\/santosmoreno.es\/wp-content\/uploads\/2017\/12\/DSC00064.jpg\"><img loading=\"lazy\" class=\"alignnone size-full wp-image-470\" src=\"http:\/\/santosmoreno.es\/wp-content\/uploads\/2017\/12\/DSC00064.jpg\" alt=\"\" width=\"1024\" height=\"683\" srcset=\"https:\/\/santosmoreno.es\/wp-content\/uploads\/2017\/12\/DSC00064.jpg 1024w, https:\/\/santosmoreno.es\/wp-content\/uploads\/2017\/12\/DSC00064-300x200.jpg 300w, https:\/\/santosmoreno.es\/wp-content\/uploads\/2017\/12\/DSC00064-768x512.jpg 768w\" sizes=\"(max-width: 1024px) 100vw, 1024px\" \/><\/a><\/p>\n<p>Quiero expresar mi agradecimiento mas sincero a<strong> l\u00b4Agrupaci\u00f3 Fotogr\u00e1fica d\u00b4Igualada<\/strong> por su invitaci\u00f3n, a su <strong>presidente y chairman<\/strong> del sal\u00f3n, <strong>Ram\u00f3n Mascaro<\/strong>, y al <strong>secretario<\/strong>, <strong>Daniel Farr\u00e9<\/strong>, por la excelente organizaci\u00f3n del concurso y por el exquisito trato que nos brindaron a mi y a mi esposa, durante los 3 fant\u00e1sticos d\u00edas que permanecimos en su bonita ciudad.<\/p>\n<p><a href=\"http:\/\/santosmoreno.es\/wp-content\/uploads\/2017\/12\/DSC00044.jpg\"><img loading=\"lazy\" class=\"alignnone size-full wp-image-467\" src=\"http:\/\/santosmoreno.es\/wp-content\/uploads\/2017\/12\/DSC00044.jpg\" alt=\"\" width=\"1024\" height=\"786\" srcset=\"https:\/\/santosmoreno.es\/wp-content\/uploads\/2017\/12\/DSC00044.jpg 1024w, https:\/\/santosmoreno.es\/wp-content\/uploads\/2017\/12\/DSC00044-300x230.jpg 300w, https:\/\/santosmoreno.es\/wp-content\/uploads\/2017\/12\/DSC00044-768x590.jpg 768w\" sizes=\"(max-width: 1024px) 100vw, 1024px\" \/><\/a><\/p>\n<p><a href=\"http:\/\/santosmoreno.es\/wp-content\/uploads\/2017\/12\/YDXJ0463.jpg\"><img loading=\"lazy\" class=\"alignnone size-full wp-image-475\" src=\"http:\/\/santosmoreno.es\/wp-content\/uploads\/2017\/12\/YDXJ0463.jpg\" alt=\"\" width=\"1024\" height=\"768\" srcset=\"https:\/\/santosmoreno.es\/wp-content\/uploads\/2017\/12\/YDXJ0463.jpg 1024w, https:\/\/santosmoreno.es\/wp-content\/uploads\/2017\/12\/YDXJ0463-300x225.jpg 300w, https:\/\/santosmoreno.es\/wp-content\/uploads\/2017\/12\/YDXJ0463-768x576.jpg 768w\" sizes=\"(max-width: 1024px) 100vw, 1024px\" \/><\/a><\/p>\n<p>En resumen, un magn\u00edfico fin de semana que nunca olvidar\u00e9, lleno de grandes momentos vividos con nuevos amigos.<\/p>\n<p>Los resultados\u00a0y la galer\u00eda de obras premiadas y seleccionadas, ya se pueden ver en la web del concurso:\u00a0<a href=\"http:\/\/afi-igualada.fotogenius.es\/acceder\">http:\/\/afi-igualada.fotogenius.es\/acceder<\/a><\/p>\n","protected":false},"excerpt":{"rendered":"<p>Los pasados d\u00edas 15, 16 y 17 de diciembre tuve el honor de ser invitado como jurado de la 67 edici\u00f3n del\u00a0Trofeu Pell Sal\u00f3n Internacional de fotograf\u00eda digital 2017, de Igualada (Barcelona), uno de los concursos mas antiguos de Espa\u00f1a. Para \u00e9sta edici\u00f3n tuve el placer de realizar el veredicto junto a los prestigiosos fot\u00f3grafos [&hellip;]<\/p>\n","protected":false},"author":1,"featured_media":0,"comment_status":"open","ping_status":"open","sticky":false,"template":"","format":"standard","meta":[],"categories":[1,57],"tags":[51,54,53,55,56,52],"_links":{"self":[{"href":"https:\/\/santosmoreno.es\/index.php\/wp-json\/wp\/v2\/posts\/466"}],"collection":[{"href":"https:\/\/santosmoreno.es\/index.php\/wp-json\/wp\/v2\/posts"}],"about":[{"href":"https:\/\/santosmoreno.es\/index.php\/wp-json\/wp\/v2\/types\/post"}],"author":[{"embeddable":true,"href":"https:\/\/santosmoreno.es\/index.php\/wp-json\/wp\/v2\/users\/1"}],"replies":[{"embeddable":true,"href":"https:\/\/santosmoreno.es\/index.php\/wp-json\/wp\/v2\/comments?post=466"}],"version-history":[{"count":6,"href":"https:\/\/santosmoreno.es\/index.php\/wp-json\/wp\/v2\/posts\/466\/revisions"}],"predecessor-version":[{"id":479,"href":"https:\/\/santosmoreno.es\/index.php\/wp-json\/wp\/v2\/posts\/466\/revisions\/479"}],"wp:attachment":[{"href":"https:\/\/santosmoreno.es\/index.php\/wp-json\/wp\/v2\/media?parent=466"}],"wp:term":[{"taxonomy":"category","embeddable":true,"href":"https:\/\/santosmoreno.es\/index.php\/wp-json\/wp\/v2\/categories?post=466"},{"taxonomy":"post_tag","embeddable":true,"href":"https:\/\/santosmoreno.es\/index.php\/wp-json\/wp\/v2\/tags?post=466"}],"curies":[{"name":"wp","href":"https:\/\/api.w.org\/{rel}","templated":true}]}}