{"id":634,"date":"2017-12-26T08:40:46","date_gmt":"2017-12-26T08:40:46","guid":{"rendered":"http:\/\/santosmoreno.es\/?p=634"},"modified":"2017-12-26T08:55:40","modified_gmt":"2017-12-26T08:55:40","slug":"jurado-en-i-concurso-nacional-de-fotografia-vila-de-nules-2017","status":"publish","type":"post","link":"https:\/\/santosmoreno.es\/index.php\/2017\/12\/26\/jurado-en-i-concurso-nacional-de-fotografia-vila-de-nules-2017\/","title":{"rendered":"Jurado en I Concurso Nacional de Fotograf\u00eda Vila de Nules 2017"},"content":{"rendered":"<p>El pasado <strong>s\u00e1bado 23 de diciembre<\/strong>, tuve el placer de ser invitado como jurado de la<strong> 1\u00aa edici\u00f3n del Concurso Nacional de Fotograf\u00eda Vila de Nules <\/strong>(Castell\u00f3n), junto a los reconocidos fot\u00f3grafos valencianos, <strong>Juli\u00e1n Negredo<\/strong> y <strong><a href=\"https:\/\/ardelas.wordpress.com\/\">Arturo de las Liras<\/a><\/strong>. Concurso de nueva creaci\u00f3n, que cont\u00f3 con los patrocinios de la <strong>Confederaci\u00f3n Espa\u00f1ola de Fotograf\u00eda &#8211; CEF<\/strong>\u00a0y la <strong>Federaci\u00f3n Levantina de Fotograf\u00eda &#8211; FLF,\u00a0<\/strong>y que est\u00e1 dotado con dos importantes premios de<strong> 750<\/strong> euros, uno<strong>\u00a0<\/strong>por cada categor\u00eda, as\u00ed como de medallas y menciones honor\u00edficas.<\/p>\n<p><a href=\"http:\/\/santosmoreno.es\/wp-content\/uploads\/2017\/12\/DSC00175.jpg\"><img loading=\"lazy\" class=\"alignnone size-full wp-image-638\" src=\"http:\/\/santosmoreno.es\/wp-content\/uploads\/2017\/12\/DSC00175.jpg\" alt=\"\" width=\"1024\" height=\"683\" srcset=\"https:\/\/santosmoreno.es\/wp-content\/uploads\/2017\/12\/DSC00175.jpg 1024w, https:\/\/santosmoreno.es\/wp-content\/uploads\/2017\/12\/DSC00175-300x200.jpg 300w, https:\/\/santosmoreno.es\/wp-content\/uploads\/2017\/12\/DSC00175-768x512.jpg 768w\" sizes=\"(max-width: 1024px) 100vw, 1024px\" \/><\/a><\/p>\n<p>La participaci\u00f3n fue cercana a <strong>500 fotograf\u00edas<\/strong> de <strong>80 fot\u00f3grafos<\/strong>, que fueron presentadas en las dos categor\u00edas con las que contaba el concurso: Libre y Humedales del mundo. El fallo se realiz\u00f3 en el <strong>Sal\u00f3n de Plenos del Ayuntamiento de Nules<\/strong>.<\/p>\n<p><a href=\"http:\/\/santosmoreno.es\/wp-content\/uploads\/2017\/12\/DSC00170.jpg\"><img loading=\"lazy\" class=\"alignnone size-full wp-image-639\" src=\"http:\/\/santosmoreno.es\/wp-content\/uploads\/2017\/12\/DSC00170.jpg\" alt=\"\" width=\"1024\" height=\"683\" srcset=\"https:\/\/santosmoreno.es\/wp-content\/uploads\/2017\/12\/DSC00170.jpg 1024w, https:\/\/santosmoreno.es\/wp-content\/uploads\/2017\/12\/DSC00170-300x200.jpg 300w, https:\/\/santosmoreno.es\/wp-content\/uploads\/2017\/12\/DSC00170-768x512.jpg 768w\" sizes=\"(max-width: 1024px) 100vw, 1024px\" \/><\/a><\/p>\n<p><a href=\"http:\/\/santosmoreno.es\/wp-content\/uploads\/2017\/12\/DSC00172.jpg\"><img loading=\"lazy\" class=\"alignnone size-full wp-image-640\" src=\"http:\/\/santosmoreno.es\/wp-content\/uploads\/2017\/12\/DSC00172.jpg\" alt=\"\" width=\"1024\" height=\"683\" srcset=\"https:\/\/santosmoreno.es\/wp-content\/uploads\/2017\/12\/DSC00172.jpg 1024w, https:\/\/santosmoreno.es\/wp-content\/uploads\/2017\/12\/DSC00172-300x200.jpg 300w, https:\/\/santosmoreno.es\/wp-content\/uploads\/2017\/12\/DSC00172-768x512.jpg 768w\" sizes=\"(max-width: 1024px) 100vw, 1024px\" \/><\/a><\/p>\n<p>Quiero dar las gracias a <strong>Arturo de las Liras<\/strong> y al <strong>Ayuntamiento de Nules<\/strong>, por el excelente trato recibido y por concederme el honor\u00a0 de ser jurado de la primera edici\u00f3n de su nuevo concurso, con el deseo de que siga creciendo en n\u00famero de obras y autores, y con el tiempo se pueda consolidar como un gran concurso de fotograf\u00eda.<\/p>\n<p>Los resultados se podr\u00e1n ver en breve, a trav\u00e9s de su p\u00e1gina web:\u00a0<a href=\"http:\/\/nules.fotogenius.es\/\">http:\/\/nules.fotogenius.es\/<\/a><\/p>\n<p>&nbsp;<\/p>\n","protected":false},"excerpt":{"rendered":"<p>El pasado s\u00e1bado 23 de diciembre, tuve el placer de ser invitado como jurado de la 1\u00aa edici\u00f3n del Concurso Nacional de Fotograf\u00eda Vila de Nules (Castell\u00f3n), junto a los reconocidos fot\u00f3grafos valencianos, Juli\u00e1n Negredo y Arturo de las Liras. Concurso de nueva creaci\u00f3n, que cont\u00f3 con los patrocinios de la Confederaci\u00f3n Espa\u00f1ola de Fotograf\u00eda [&hellip;]<\/p>\n","protected":false},"author":1,"featured_media":0,"comment_status":"open","ping_status":"open","sticky":false,"template":"","format":"standard","meta":[],"categories":[1,57],"tags":[60,31,59,61,13,58],"_links":{"self":[{"href":"https:\/\/santosmoreno.es\/index.php\/wp-json\/wp\/v2\/posts\/634"}],"collection":[{"href":"https:\/\/santosmoreno.es\/index.php\/wp-json\/wp\/v2\/posts"}],"about":[{"href":"https:\/\/santosmoreno.es\/index.php\/wp-json\/wp\/v2\/types\/post"}],"author":[{"embeddable":true,"href":"https:\/\/santosmoreno.es\/index.php\/wp-json\/wp\/v2\/users\/1"}],"replies":[{"embeddable":true,"href":"https:\/\/santosmoreno.es\/index.php\/wp-json\/wp\/v2\/comments?post=634"}],"version-history":[{"count":8,"href":"https:\/\/santosmoreno.es\/index.php\/wp-json\/wp\/v2\/posts\/634\/revisions"}],"predecessor-version":[{"id":645,"href":"https:\/\/santosmoreno.es\/index.php\/wp-json\/wp\/v2\/posts\/634\/revisions\/645"}],"wp:attachment":[{"href":"https:\/\/santosmoreno.es\/index.php\/wp-json\/wp\/v2\/media?parent=634"}],"wp:term":[{"taxonomy":"category","embeddable":true,"href":"https:\/\/santosmoreno.es\/index.php\/wp-json\/wp\/v2\/categories?post=634"},{"taxonomy":"post_tag","embeddable":true,"href":"https:\/\/santosmoreno.es\/index.php\/wp-json\/wp\/v2\/tags?post=634"}],"curies":[{"name":"wp","href":"https:\/\/api.w.org\/{rel}","templated":true}]}}