{"id":851,"date":"2018-11-19T22:21:26","date_gmt":"2018-11-19T22:21:26","guid":{"rendered":"http:\/\/santosmoreno.es\/?p=851"},"modified":"2018-11-24T14:20:18","modified_gmt":"2018-11-24T14:20:18","slug":"socio-de-honor-de-la-agrupacion-fotografica-lart-de-la-llum-de-onda","status":"publish","type":"post","link":"https:\/\/santosmoreno.es\/index.php\/2018\/11\/19\/socio-de-honor-de-la-agrupacion-fotografica-lart-de-la-llum-de-onda\/","title":{"rendered":"Socio de Honor de la Agrupaci\u00f3n Fotogr\u00e1fica &#8220;L\u00b4Art de la Llum&#8221; de Onda"},"content":{"rendered":"<p>El pasado viernes <strong>16 de noviembre<\/strong> tuvo lugar el acto conmemorativo del\u00a0<strong>25 aniversario de la Agrupaci\u00f3n Fotogr\u00e1fica &#8220;L\u00b4Art de la Llum&#8221;<\/strong>, en <strong>Casa de la Cultura de Onda<\/strong> (Castell\u00f3n). Asist\u00ed al acto, primero por la gran amistad que me une con muchos de sus socios y porque era un d\u00eda muy especial para ellos, y segundo porque me iban a hacer entrega de la <strong>Insignia de Plata<\/strong> de la entidad, lo cual me llenaba de orgullo poder recibirla. Pero mis amigos de Onda me ten\u00edan preparada una sorpresa todav\u00eda mayor, uno de esos reconocimientos que para mi tienen mucho mas valor que cualquier premio, y que era nombrarme <strong>Socio de Honor<\/strong> de su entidad, distinci\u00f3n de que recib\u00ed de manos de su presidente y gran amigo <strong>Toni Garc\u00eda Badenes<\/strong>.<\/p>\n<p><a href=\"http:\/\/santosmoreno.es\/wp-content\/uploads\/2018\/11\/DSC0781-1024.jpg\"><img loading=\"lazy\" class=\"alignnone size-full wp-image-855\" src=\"http:\/\/santosmoreno.es\/wp-content\/uploads\/2018\/11\/DSC0781-1024.jpg\" alt=\"\" width=\"1024\" height=\"683\" srcset=\"https:\/\/santosmoreno.es\/wp-content\/uploads\/2018\/11\/DSC0781-1024.jpg 1024w, https:\/\/santosmoreno.es\/wp-content\/uploads\/2018\/11\/DSC0781-1024-300x200.jpg 300w, https:\/\/santosmoreno.es\/wp-content\/uploads\/2018\/11\/DSC0781-1024-768x512.jpg 768w\" sizes=\"(max-width: 1024px) 100vw, 1024px\" \/><\/a><\/p>\n<p><a href=\"http:\/\/santosmoreno.es\/wp-content\/uploads\/2018\/11\/DSC0764-1024.jpg\"><img loading=\"lazy\" class=\"alignnone size-full wp-image-858\" src=\"http:\/\/santosmoreno.es\/wp-content\/uploads\/2018\/11\/DSC0764-1024.jpg\" alt=\"\" width=\"1024\" height=\"734\" srcset=\"https:\/\/santosmoreno.es\/wp-content\/uploads\/2018\/11\/DSC0764-1024.jpg 1024w, https:\/\/santosmoreno.es\/wp-content\/uploads\/2018\/11\/DSC0764-1024-300x215.jpg 300w, https:\/\/santosmoreno.es\/wp-content\/uploads\/2018\/11\/DSC0764-1024-768x551.jpg 768w\" sizes=\"(max-width: 1024px) 100vw, 1024px\" \/><\/a><\/p>\n<p><a href=\"http:\/\/santosmoreno.es\/wp-content\/uploads\/2018\/11\/DSC0769-1024-1.jpg\"><img loading=\"lazy\" class=\"alignnone size-full wp-image-854\" src=\"http:\/\/santosmoreno.es\/wp-content\/uploads\/2018\/11\/DSC0769-1024-1.jpg\" alt=\"\" width=\"1024\" height=\"683\" srcset=\"https:\/\/santosmoreno.es\/wp-content\/uploads\/2018\/11\/DSC0769-1024-1.jpg 1024w, https:\/\/santosmoreno.es\/wp-content\/uploads\/2018\/11\/DSC0769-1024-1-300x200.jpg 300w, https:\/\/santosmoreno.es\/wp-content\/uploads\/2018\/11\/DSC0769-1024-1-768x512.jpg 768w\" sizes=\"(max-width: 1024px) 100vw, 1024px\" \/><\/a><\/p>\n<p>Solo puedo tener palabras de agradecimiento y cari\u00f1o por \u00e9ste bonito gesto, y es algo que me llena de emoci\u00f3n y supone para mi un gran honor, un orgullo y un privilegio, poder formar parte de esta entra\u00f1able familia de Onda.<\/p>\n<p><a href=\"http:\/\/santosmoreno.es\/wp-content\/uploads\/2018\/11\/DSC0780-1024.jpg\"><img loading=\"lazy\" class=\"alignnone size-full wp-image-857\" src=\"http:\/\/santosmoreno.es\/wp-content\/uploads\/2018\/11\/DSC0780-1024.jpg\" alt=\"\" width=\"1024\" height=\"683\" srcset=\"https:\/\/santosmoreno.es\/wp-content\/uploads\/2018\/11\/DSC0780-1024.jpg 1024w, https:\/\/santosmoreno.es\/wp-content\/uploads\/2018\/11\/DSC0780-1024-300x200.jpg 300w, https:\/\/santosmoreno.es\/wp-content\/uploads\/2018\/11\/DSC0780-1024-768x512.jpg 768w\" sizes=\"(max-width: 1024px) 100vw, 1024px\" \/><\/a><\/p>\n<p><a href=\"http:\/\/santosmoreno.es\/wp-content\/uploads\/2018\/11\/DSC0773-1024-1.jpg\"><img loading=\"lazy\" class=\"alignnone size-full wp-image-856\" src=\"http:\/\/santosmoreno.es\/wp-content\/uploads\/2018\/11\/DSC0773-1024-1.jpg\" alt=\"\" width=\"1024\" height=\"683\" srcset=\"https:\/\/santosmoreno.es\/wp-content\/uploads\/2018\/11\/DSC0773-1024-1.jpg 1024w, https:\/\/santosmoreno.es\/wp-content\/uploads\/2018\/11\/DSC0773-1024-1-300x200.jpg 300w, https:\/\/santosmoreno.es\/wp-content\/uploads\/2018\/11\/DSC0773-1024-1-768x512.jpg 768w\" sizes=\"(max-width: 1024px) 100vw, 1024px\" \/><\/a><\/p>\n<p>Una vez m\u00e1s quiero felicitar a <strong>L\u00b4Art de la Llum<\/strong>, a su presidente y gran amigo <strong>Toni Garc\u00eda Badenes<\/strong>, a toda su <strong>Junta Directiva<\/strong> y <strong>todos sus socios<\/strong>, por estos primeros <strong>25 a\u00f1os de vida<\/strong>, con el deseo de que cumplan muchos mas y sigan contribuyendo a engrandecer la fotograf\u00eda valenciana y espa\u00f1ola. Tambi\u00e9n mi felicitaci\u00f3n para los socios que recibieron la <strong>Insignia de Plata<\/strong>, por sus <strong>25 a\u00f1os en L\u00b4Art de Llum<\/strong>, como socios fundadores de la entidad.<\/p>\n<p>Un fuerte abrazo a tod@s y mil gracias!!!<\/p>\n","protected":false},"excerpt":{"rendered":"<p>El pasado viernes 16 de noviembre tuvo lugar el acto conmemorativo del\u00a025 aniversario de la Agrupaci\u00f3n Fotogr\u00e1fica &#8220;L\u00b4Art de la Llum&#8221;, en Casa de la Cultura de Onda (Castell\u00f3n). Asist\u00ed al acto, primero por la gran amistad que me une con muchos de sus socios y porque era un d\u00eda muy especial para ellos, y [&hellip;]<\/p>\n","protected":false},"author":1,"featured_media":0,"comment_status":"open","ping_status":"open","sticky":false,"template":"","format":"standard","meta":[],"categories":[1],"tags":[86,109,84,82,13,110,108],"_links":{"self":[{"href":"https:\/\/santosmoreno.es\/index.php\/wp-json\/wp\/v2\/posts\/851"}],"collection":[{"href":"https:\/\/santosmoreno.es\/index.php\/wp-json\/wp\/v2\/posts"}],"about":[{"href":"https:\/\/santosmoreno.es\/index.php\/wp-json\/wp\/v2\/types\/post"}],"author":[{"embeddable":true,"href":"https:\/\/santosmoreno.es\/index.php\/wp-json\/wp\/v2\/users\/1"}],"replies":[{"embeddable":true,"href":"https:\/\/santosmoreno.es\/index.php\/wp-json\/wp\/v2\/comments?post=851"}],"version-history":[{"count":6,"href":"https:\/\/santosmoreno.es\/index.php\/wp-json\/wp\/v2\/posts\/851\/revisions"}],"predecessor-version":[{"id":874,"href":"https:\/\/santosmoreno.es\/index.php\/wp-json\/wp\/v2\/posts\/851\/revisions\/874"}],"wp:attachment":[{"href":"https:\/\/santosmoreno.es\/index.php\/wp-json\/wp\/v2\/media?parent=851"}],"wp:term":[{"taxonomy":"category","embeddable":true,"href":"https:\/\/santosmoreno.es\/index.php\/wp-json\/wp\/v2\/categories?post=851"},{"taxonomy":"post_tag","embeddable":true,"href":"https:\/\/santosmoreno.es\/index.php\/wp-json\/wp\/v2\/tags?post=851"}],"curies":[{"name":"wp","href":"https:\/\/api.w.org\/{rel}","templated":true}]}}