{"id":976,"date":"2019-05-31T08:20:30","date_gmt":"2019-05-31T08:20:30","guid":{"rendered":"http:\/\/santosmoreno.es\/?p=976"},"modified":"2019-06-01T05:16:42","modified_gmt":"2019-06-01T05:16:42","slug":"pxoximo-curso-de-adobe-photoshop-en-ceuta","status":"publish","type":"post","link":"https:\/\/santosmoreno.es\/index.php\/2019\/05\/31\/pxoximo-curso-de-adobe-photoshop-en-ceuta\/","title":{"rendered":"Pr\u00f3ximo Curso de Adobe Photoshop en Ceuta"},"content":{"rendered":"<p>Tengo el placer de anunciaros que del <strong>10 al 14 de junio<\/strong>, viajar\u00e9 a <strong>Ceuta<\/strong>, para impartir un curso intensivo de <strong>Adobe Photoshop CC 2019<\/strong>, a mis amigos de la <strong>Asociaci\u00f3n Fotogr\u00e1fica Miradas<\/strong>, que como sabr\u00e9is es una de las asociaciones mas activas y galardonadas a nivel nacional.<\/p>\n<figure class=\"wp-block-image\"><img loading=\"lazy\" width=\"724\" height=\"1024\" src=\"http:\/\/santosmoreno.es\/wp-content\/uploads\/2019\/05\/CURSO-PHOTOSHOP-SANTOS-1234-4-1-724x1024.jpg\" alt=\"\" class=\"wp-image-977\" srcset=\"https:\/\/santosmoreno.es\/wp-content\/uploads\/2019\/05\/CURSO-PHOTOSHOP-SANTOS-1234-4-1-724x1024.jpg 724w, https:\/\/santosmoreno.es\/wp-content\/uploads\/2019\/05\/CURSO-PHOTOSHOP-SANTOS-1234-4-1-212x300.jpg 212w, https:\/\/santosmoreno.es\/wp-content\/uploads\/2019\/05\/CURSO-PHOTOSHOP-SANTOS-1234-4-1-768x1086.jpg 768w, https:\/\/santosmoreno.es\/wp-content\/uploads\/2019\/05\/CURSO-PHOTOSHOP-SANTOS-1234-4-1.jpg 1131w\" sizes=\"(max-width: 724px) 100vw, 724px\" \/><\/figure>\n<p>Si est\u00e1is interesados en asistir y pasar unos d\u00edas en esta maravillosa Ciudad, y de paso aprender mi flujo de trabajo, aqu\u00ed os pongo el enlace a su web, para que pod\u00e1is conocer el contenido del curso e inscribiros en el.<\/p>\n<p><a href=\"http:\/\/www.asociacionmiradas.com\/2019\/05\/curso-de-adobe-photoshop-cc-2019.html\"><strong>ASOCIACI\u00d3N FOTOGR\u00c1FICA MIRADAS<\/strong><\/a><\/p>\n<p>Me siento muy agradecido a mis amigos de <strong>Miradas<\/strong>, por haber pensado en mi para la realizaci\u00f3n de este intenso curso de <strong>Adobe Photoshop<\/strong>, que tendr\u00e1 una duraci\u00f3n de 20 horas.<\/p>\n<p>Os espero!!!<\/p>\n","protected":false},"excerpt":{"rendered":"<p>Tengo el placer de anunciaros que del 10 al 14 de junio, viajar\u00e9 a Ceuta, para impartir un curso intensivo de Adobe Photoshop CC 2019, a mis amigos de la Asociaci\u00f3n Fotogr\u00e1fica Miradas, que como sabr\u00e9is es una de las asociaciones mas activas y galardonadas a nivel nacional. Si est\u00e1is interesados en asistir y pasar [&hellip;]<\/p>\n","protected":false},"author":1,"featured_media":0,"comment_status":"open","ping_status":"open","sticky":false,"template":"","format":"standard","meta":[],"categories":[1],"tags":[144,145,146,13],"_links":{"self":[{"href":"https:\/\/santosmoreno.es\/index.php\/wp-json\/wp\/v2\/posts\/976"}],"collection":[{"href":"https:\/\/santosmoreno.es\/index.php\/wp-json\/wp\/v2\/posts"}],"about":[{"href":"https:\/\/santosmoreno.es\/index.php\/wp-json\/wp\/v2\/types\/post"}],"author":[{"embeddable":true,"href":"https:\/\/santosmoreno.es\/index.php\/wp-json\/wp\/v2\/users\/1"}],"replies":[{"embeddable":true,"href":"https:\/\/santosmoreno.es\/index.php\/wp-json\/wp\/v2\/comments?post=976"}],"version-history":[{"count":6,"href":"https:\/\/santosmoreno.es\/index.php\/wp-json\/wp\/v2\/posts\/976\/revisions"}],"predecessor-version":[{"id":983,"href":"https:\/\/santosmoreno.es\/index.php\/wp-json\/wp\/v2\/posts\/976\/revisions\/983"}],"wp:attachment":[{"href":"https:\/\/santosmoreno.es\/index.php\/wp-json\/wp\/v2\/media?parent=976"}],"wp:term":[{"taxonomy":"category","embeddable":true,"href":"https:\/\/santosmoreno.es\/index.php\/wp-json\/wp\/v2\/categories?post=976"},{"taxonomy":"post_tag","embeddable":true,"href":"https:\/\/santosmoreno.es\/index.php\/wp-json\/wp\/v2\/tags?post=976"}],"curies":[{"name":"wp","href":"https:\/\/api.w.org\/{rel}","templated":true}]}}